{"id":4292,"date":"2015-11-23T18:53:35","date_gmt":"2015-11-23T16:53:35","guid":{"rendered":"http:\/\/outletdelfunerale.it\/?p=4292"},"modified":"2015-11-23T18:53:35","modified_gmt":"2015-11-23T16:53:35","slug":"casi-di-suicidio-per-disoccupazione","status":"publish","type":"post","link":"https:\/\/outletdelfunerale.it\/wp\/2015\/11\/casi-di-suicidio-per-disoccupazione\/","title":{"rendered":"Casi di suicidio per disoccupazione"},"content":{"rendered":"<h2><i>Ogni anno un caso di suicidio su cinque \u00e8 legato al problema della disoccupazione.<\/i><\/h2>\n<h3><i>L&#8217;et\u00e0 pi\u00f9 a rischio suicidio per mancanza di lavoro \u00e8 quella che va dai 45 ai 64 annil neil 90% dei casi le vittime sono uomini.<\/i><\/h3>\n<p align=\"JUSTIFY\"><strong>Uccidersi<\/strong> perch\u00e9 non si trova un <strong>lavoro<\/strong> o perch\u00e9 lo si \u00e8 perso. Putroppo i dati di <strong>suicidio per disoccupazione<\/strong> sono agghiaccianti. In Italia si stimano circa 900 casi all&#8217;anno, ovvero quasi tre al giorno con una media di 1,7 per 100mila abitanti. A far emergere il preoccupante risultato \u00e8 uno studio svizzero pubblicato sulla rivista scientifica specializzata \u201cLancet Psychiatry,\u201d che ha monitorato 63 Paesi, tra cui appunto anche la penisola italiana. Le stime dei paesi osservati parlano di circa 45mila morti all&#8217;anno per lo spettro della <strong>disoccupazione,<\/strong> ma includendo anche quelli non monitorati, le proiezioni salirebbero a oltre 200mila su quasi un milione di casi.<\/p>\n<p align=\"JUSTIFY\">Questo sta a significare che ogni anno, all&#8217;incirca un <strong>suicidio<\/strong> su cinque \u00e8 legato al problema della <strong>disoccupazione.<\/strong> La mancanza di lavoro o di una prospettiva economica, causa ansia e disperazione che a lungo andare porta alla <strong>depressione.<\/strong> Le vittime sono soprattutto quelle persone che dopo aver perso il <strong>lavoro,<\/strong> per cause anagrafiche non riescono pi\u00f9 a trovare un&#8217;altra occupazione. Nella maggior parte dei casi sono uomini (il 90%), che non riuscendo pi\u00f9 a provvedere al sostentamento della famiglia, mettono fine alla loro esistenza. L&#8217;et\u00e0 pi\u00f9 a rischio \u00e8 quella tra i 45 e i 64 anni, le categorie sono quelle dei commercianti e artigiani, a seguire gli imprenditori i liberi professionisti e gli operai. A detenere il triste primato dei suicidi per mancanza di lavoro \u00e8 il nord Italia, con in testa la Lombardia, seguita dal Veneto e dall&#8217;Emilia Romagna.<\/p>\n<p>&nbsp;<\/p>\n<p align=\"RIGHT\">Rossella Biasion<\/p>\n","protected":false},"excerpt":{"rendered":"<p>Ogni anno un caso di suicidio su cinque \u00e8 legato al problema della disoccupazione. L&#8217;et\u00e0 pi\u00f9 a rischio suicidio per mancanza di lavoro \u00e8 quella che va dai 45 ai 64 annil neil 90% dei casi le vittime sono uomini. Uccidersi perch\u00e9 non si trova un lavoro o perch\u00e9 lo si \u00e8 perso. Putroppo i &hellip; <a href=\"https:\/\/outletdelfunerale.it\/wp\/2015\/11\/casi-di-suicidio-per-disoccupazione\/\" class=\"more-link\">Continue reading<span class=\"screen-reader-text\"> &#8220;Casi di suicidio per disoccupazione&#8221;<\/span><\/a><\/p>\n","protected":false},"author":3,"featured_media":4527,"comment_status":"closed","ping_status":"closed","sticky":false,"template":"","format":"standard","meta":{"om_disable_all_campaigns":false,"_monsterinsights_skip_tracking":false,"_monsterinsights_sitenote_active":false,"_monsterinsights_sitenote_note":"","_monsterinsights_sitenote_category":0,"footnotes":""},"categories":[9],"tags":[509,513,541,1018,1796,1818,2713],"class_list":["post-4292","post","type-post","status-publish","format-standard","has-post-thumbnail","hentry","category-morte","tag-casi-di-suicidio","tag-casi-di-suicidio-per-disoccupazione","tag-cause-di-morte","tag-disoccupazione","tag-morire","tag-morte","tag-suicidio"],"aioseo_notices":[],"_links":{"self":[{"href":"https:\/\/outletdelfunerale.it\/wp\/wp-json\/wp\/v2\/posts\/4292","targetHints":{"allow":["GET"]}}],"collection":[{"href":"https:\/\/outletdelfunerale.it\/wp\/wp-json\/wp\/v2\/posts"}],"about":[{"href":"https:\/\/outletdelfunerale.it\/wp\/wp-json\/wp\/v2\/types\/post"}],"author":[{"embeddable":true,"href":"https:\/\/outletdelfunerale.it\/wp\/wp-json\/wp\/v2\/users\/3"}],"replies":[{"embeddable":true,"href":"https:\/\/outletdelfunerale.it\/wp\/wp-json\/wp\/v2\/comments?post=4292"}],"version-history":[{"count":0,"href":"https:\/\/outletdelfunerale.it\/wp\/wp-json\/wp\/v2\/posts\/4292\/revisions"}],"wp:featuredmedia":[{"embeddable":true,"href":"https:\/\/outletdelfunerale.it\/wp\/wp-json\/wp\/v2\/media\/4527"}],"wp:attachment":[{"href":"https:\/\/outletdelfunerale.it\/wp\/wp-json\/wp\/v2\/media?parent=4292"}],"wp:term":[{"taxonomy":"category","embeddable":true,"href":"https:\/\/outletdelfunerale.it\/wp\/wp-json\/wp\/v2\/categories?post=4292"},{"taxonomy":"post_tag","embeddable":true,"href":"https:\/\/outletdelfunerale.it\/wp\/wp-json\/wp\/v2\/tags?post=4292"}],"curies":[{"name":"wp","href":"https:\/\/api.w.org\/{rel}","templated":true}]}}