{"id":13644,"date":"2024-03-03T05:50:44","date_gmt":"2024-03-03T05:50:44","guid":{"rendered":"https:\/\/outletdelfunerale.it\/wp\/?p=13644"},"modified":"2024-03-03T06:02:07","modified_gmt":"2024-03-03T06:02:07","slug":"festa-della-donna-cosa-si-celebra","status":"publish","type":"post","link":"https:\/\/outletdelfunerale.it\/wp\/2024\/03\/festa-della-donna-cosa-si-celebra\/","title":{"rendered":"Festa della donna: cosa si celebra?"},"content":{"rendered":"<p>Questa settimana si celebra la <strong>Giornata internazionale della donna<\/strong>, chiamata pi\u00f9 comunemente \u201c<strong>festa della donna<\/strong>\u201d. Sono molte le narrazioni che riconducono all\u2019istituzione di una data specifica, quella dell\u2019<strong>8 marzo<\/strong>, quasi tutte di carattere sociale e politico e avvenute ai primi del Novecento.<\/p>\n<p>Tra le pi\u00f9 accreditate: un incendio drammatico che provoc\u00f2 la morte delle operaie in una fabbrica tessile di New York, una manifestazione negli Stati Uniti in favore del diritto di voto femminile, le donne di San Pietroburgo in piazza per rivendicare la fine della guerra.<\/p>\n<p>La <strong>festa della donna<\/strong> che conosciamo noi oggi in Italia vuole per\u00f2 essere una ricorrenza positiva ed \u00e8 abitudine donare alle donne dei mazzetti di <strong>mimosa<\/strong>, tipico fiore del periodo, facilmente reperibile.<\/p>\n<p>E allora cosa c\u2019entra <strong>Outlet del Funerale<\/strong> con la <strong>festa della donna<\/strong>?<\/p>\n<h2>La riflessione di Outlet del Funerale<\/h2>\n<p>Oltre a onorare il genere femminile, che sappiamo essere spesso portatore di virt\u00f9 quali gentilezza, sensibilit\u00e0, delicatezza, che ben si sposano con le inclinazioni delle nostre operatrici e dei nostri operatori e i valori della nostra azienda, riteniamo di dover fare una riflessione che in qualche modo ci vede protagonisti per il nostro lavoro all\u2019interno del <strong>settore funebre<\/strong>.<\/p>\n<p>Bench\u00e9 crediamo giusto che ognuno celebri la <strong>festa della donna<\/strong> come preferisce, anche in un clima di leggerezza e divertimento, non si pu\u00f2 fare a meno di pensare che oggigiorno le <strong>donne<\/strong> siano ancora penalizzate in quanto donne. Questo avviene sia nell\u2019ambito lavorativo che familiare, ma naturalmente ci\u00f2 che pi\u00f9 colpisce la collettivit\u00e0 e anche noi \u00e8 il numero di <strong>femminicidi<\/strong> che si registrano ogni anno.<\/p>\n<h2>In occasione della festa della donna ricordiamo le vittime dei femminicidi<\/h2>\n<p>Non \u00e8 nostra intenzione ora condurre una riflessione cupa in una giornata di festa, ma \u00e8 necessario sottolineare come una ricorrenza nata per elevare le donne al pari degli uomini per quanto concerne i riconoscimenti a livello politico e sociale, si scontri con una realt\u00e0 ancora pi\u00f9 meschina e crudele: alle <strong>donne<\/strong>, a moltissime donne, ancora nel 2024 viene tolto il diritto primo e imprescindibile, quello di vivere.<\/p>\n<p>Nonostante siamo abituati a fronteggiare i <strong>decessi<\/strong> e accompagnare i <strong>familiari in lutto<\/strong> nei vari step che seguono una <strong>morte<\/strong>, \u00e8 sempre doloroso venire a conoscenza di atti di supremazia da parte di uomini vili e violenti verso donne innocenti, che nella maggior parte dei casi hanno \u201cosato\u201d praticare la propria libert\u00e0 di scelta.<\/p>\n<h2>L\u2019augurio di Outlet del Funerale<\/h2>\n<p>Vogliamo cos\u00ec, in questo giorno di celebrazione della figura femminile, condannare chi esercita il proprio ingiustificato potere per schiacciare l\u2019emancipazione e l\u2019indipendenza di genere, con l\u2019auspicio che un domani non ci sia pi\u00f9 bisogno di dedicare una <strong>giornata alla donna<\/strong>. Tutte le giornate dovranno essere all\u2019insegna della donna, in egual misura con l\u2019uomo.<\/p>\n<p>Per qualsiasi necessit\u00e0,ci trovate al numero verde 800 444 800 o al cellulare 342 693 1086 (anche tramite whatsapp), o al <a href=\"https:\/\/outletdelfunerale.it\/contatti\/\">form dei contatti<\/a>.<\/p>\n<p>&nbsp;<\/p>\n<p><img loading=\"lazy\" decoding=\"async\" class=\"alignnone size-full wp-image-13646\" src=\"https:\/\/outletdelfunerale.it\/wp\/wp-content\/uploads\/2024\/03\/Festa-delle-donne-2024.png\" alt=\"Festa delle donne 2024\" width=\"640\" height=\"427\" srcset=\"https:\/\/outletdelfunerale.it\/wp\/wp-content\/uploads\/2024\/03\/Festa-delle-donne-2024.png 640w, https:\/\/outletdelfunerale.it\/wp\/wp-content\/uploads\/2024\/03\/Festa-delle-donne-2024-300x200.png 300w\" sizes=\"auto, (max-width: 709px) 85vw, (max-width: 909px) 67vw, (max-width: 984px) 61vw, (max-width: 1362px) 45vw, 600px\" \/><\/p>\n","protected":false},"excerpt":{"rendered":"<p>Questa settimana si celebra la Giornata internazionale della donna, chiamata pi\u00f9 comunemente \u201cfesta della donna\u201d. Sono molte le narrazioni che riconducono all\u2019istituzione di una data specifica, quella dell\u20198 marzo, quasi tutte di carattere sociale e politico e avvenute ai primi del Novecento. Tra le pi\u00f9 accreditate: un incendio drammatico che provoc\u00f2 la morte delle operaie &hellip; <a href=\"https:\/\/outletdelfunerale.it\/wp\/2024\/03\/festa-della-donna-cosa-si-celebra\/\" class=\"more-link\">Continue reading<span class=\"screen-reader-text\"> &#8220;Festa della donna: cosa si celebra?&#8221;<\/span><\/a><\/p>\n","protected":false},"author":5,"featured_media":13645,"comment_status":"closed","ping_status":"open","sticky":false,"template":"","format":"standard","meta":{"om_disable_all_campaigns":false,"_monsterinsights_skip_tracking":false,"_monsterinsights_sitenote_active":false,"_monsterinsights_sitenote_note":"","_monsterinsights_sitenote_category":0,"footnotes":""},"categories":[4,10],"tags":[7669,7672,7150,1192,7671,7670,7668,7667,7666,7675,7676,2096,7673,7674],"class_list":["post-13644","post","type-post","status-publish","format-standard","has-post-thumbnail","hentry","category-cronaca","category-notizie-curiose","tag-8-marzo","tag-emancipazione","tag-femminicidi","tag-femminicidio","tag-festa-8-marzo","tag-festa-della-donna","tag-festa-delle-donne","tag-festa-donna","tag-festa-donne","tag-giornata-della-donna","tag-giornata-delle-donne","tag-outlet-del-funerale","tag-penalizzazione","tag-riflessione"],"aioseo_notices":[],"_links":{"self":[{"href":"https:\/\/outletdelfunerale.it\/wp\/wp-json\/wp\/v2\/posts\/13644","targetHints":{"allow":["GET"]}}],"collection":[{"href":"https:\/\/outletdelfunerale.it\/wp\/wp-json\/wp\/v2\/posts"}],"about":[{"href":"https:\/\/outletdelfunerale.it\/wp\/wp-json\/wp\/v2\/types\/post"}],"author":[{"embeddable":true,"href":"https:\/\/outletdelfunerale.it\/wp\/wp-json\/wp\/v2\/users\/5"}],"replies":[{"embeddable":true,"href":"https:\/\/outletdelfunerale.it\/wp\/wp-json\/wp\/v2\/comments?post=13644"}],"version-history":[{"count":2,"href":"https:\/\/outletdelfunerale.it\/wp\/wp-json\/wp\/v2\/posts\/13644\/revisions"}],"predecessor-version":[{"id":13648,"href":"https:\/\/outletdelfunerale.it\/wp\/wp-json\/wp\/v2\/posts\/13644\/revisions\/13648"}],"wp:featuredmedia":[{"embeddable":true,"href":"https:\/\/outletdelfunerale.it\/wp\/wp-json\/wp\/v2\/media\/13645"}],"wp:attachment":[{"href":"https:\/\/outletdelfunerale.it\/wp\/wp-json\/wp\/v2\/media?parent=13644"}],"wp:term":[{"taxonomy":"category","embeddable":true,"href":"https:\/\/outletdelfunerale.it\/wp\/wp-json\/wp\/v2\/categories?post=13644"},{"taxonomy":"post_tag","embeddable":true,"href":"https:\/\/outletdelfunerale.it\/wp\/wp-json\/wp\/v2\/tags?post=13644"}],"curies":[{"name":"wp","href":"https:\/\/api.w.org\/{rel}","templated":true}]}}